{"id":328,"date":"2017-06-09T07:59:00","date_gmt":"2017-06-09T05:59:00","guid":{"rendered":"http:\/\/lodesse.com\/blog\/?p=328"},"modified":"2017-06-09T07:59:00","modified_gmt":"2017-06-09T05:59:00","slug":"comment-proteger-sa-peau-du-soleil-en-ville","status":"publish","type":"post","link":"https:\/\/lodesse.com\/blog\/2017\/06\/09\/comment-proteger-sa-peau-du-soleil-en-ville\/","title":{"rendered":"Comment prot\u00e9ger sa peau du soleil en ville\u00a0?"},"content":{"rendered":"<header class=\"entry-header\">\n<h4 style=\"text-align: left;\"><strong><span class=\"large-text\">Ah la protection solaire&#8230; Vaste d\u00e9bat, sujet r\u00e9current d\u00e8s le printemps et tr\u00e8s controvers\u00e9. Et chaque ann\u00e9e la m\u00eame question qui revient : est-ce que je dois appliquer cr\u00e8me de soin + cr\u00e8me solaire ? Ou un seul produit peut-il faire les deux ?\u00a0<\/span><\/strong><\/h4>\n<p><img loading=\"lazy\" decoding=\"async\" class=\"aligncenter wp-image-345\" src=\"http:\/\/lodesse.com\/blog\/wp-content\/uploads\/2017\/06\/Lodesse_Osmose_Soleil_Peau_Ville_Paris-300x200.jpg\" alt=\"\" width=\"500\" height=\"333\" srcset=\"https:\/\/lodesse.com\/blog\/wp-content\/uploads\/2017\/06\/Lodesse_Osmose_Soleil_Peau_Ville_Paris-300x200.jpg 300w, https:\/\/lodesse.com\/blog\/wp-content\/uploads\/2017\/06\/Lodesse_Osmose_Soleil_Peau_Ville_Paris-768x512.jpg 768w, https:\/\/lodesse.com\/blog\/wp-content\/uploads\/2017\/06\/Lodesse_Osmose_Soleil_Peau_Ville_Paris-1024x683.jpg 1024w, https:\/\/lodesse.com\/blog\/wp-content\/uploads\/2017\/06\/Lodesse_Osmose_Soleil_Peau_Ville_Paris-940x627.jpg 940w\" sizes=\"auto, (max-width: 500px) 100vw, 500px\" \/><\/p>\n<\/header>\n<div class=\"entry-content\">\n<h2 align=\"JUSTIFY\">La protection naturelle de la peau<\/h2>\n<p dir=\"LTR\" align=\"JUSTIFY\"><span class=\"large-text\">Tout d\u2019abord, et avant de parler produits et cr\u00e8mes, revenons \u00e0 la base, comme toujours chez Lodesse, pour regarder ce que fait la peau pour se prot\u00e9ger naturellement du soleil.<\/span><\/p>\n<p dir=\"LTR\" align=\"JUSTIFY\"><span class=\"large-text\">Tandis que les animaux se prot\u00e8gent des rayons solaires gr\u00e2ce aux poils, chez l\u2019homme deux ph\u00e9nom\u00e8nes cutan\u00e9s constituent une protection naturelle :<\/span><\/p>\n<ul>\n<li><span class=\"large-text\">la production de m\u00e9lanine, c\u2019est \u00e0 dire le \u00ab bronzage \u00bb<\/span><\/li>\n<li><span class=\"large-text\">l\u2019\u00e9paississement<\/span><\/li>\n<\/ul>\n<p dir=\"LTR\" align=\"JUSTIFY\"><span class=\"large-text\">Si l\u2019augmentation de la pigmentation est bien connue, l\u2019\u00e9paississement de la couche corn\u00e9e l\u2019est moins. Avez-vous remarqu\u00e9 qu\u2019au sortir de l\u2019hiver, si vous mettez des chaussures d\u2019\u00e9t\u00e9, vous aurez vite des cloques tellement la peau est fine ? Tandis que plus tard dans l\u2019\u00e9t\u00e9, la peau ayant \u00e9paissi, vous pouvez mettre vos sandales \u00e0 talons sans avoir d\u2019ampoules.<\/span><\/p>\n<p dir=\"LTR\" align=\"JUSTIFY\"><span class=\"large-text\">C\u2019est \u00e9galement pour cette raison physiologique que les peelings chez les dermatos ne sont pas conseill\u00e9s en \u00e9t\u00e9 car, en affinant la couche corn\u00e9e, ils retirent de la protection solaire naturelle \u00e0 la peau.<\/span><\/p>\n<p dir=\"LTR\" align=\"JUSTIFY\"><span class=\"large-text\">Une bonne protection solaire doit donc suivre cette logique : elle doit plut\u00f4t augmenter l\u2019\u00e9paisseur de la couche corn\u00e9e, rester en surface.<\/span><\/p>\n<h2 align=\"JUSTIFY\">Cr\u00e8me de soin + solaire ou cr\u00e8me de jour avec SPF ?<\/h2>\n<p dir=\"LTR\" align=\"JUSTIFY\"><span class=\"large-text\">Un bon soin de jour doit p\u00e9n\u00e9trer en profondeur pour nourrir, apporter des nutriments au-del\u00e0 de la couche corn\u00e9e, inerte et nettoy\u00e9e quotidiennement. Il doit \u00e9galement apporter des antioxydants pour lutter contre les radicaux libres induits par les UV entre autres. Bref il doit agir dans les couches profondes. Tandis qu\u2019un bon solaire doit plut\u00f4t agir en surface.<\/span><\/p>\n<p dir=\"LTR\" align=\"JUSTIFY\"><span class=\"large-text\">Les cr\u00e8mes de jour qui incluent une protection solaire contiennent souvent les m\u00eames filtres chimiques que les cr\u00e8mes solaires. Et revendiquent une action anti-rides \/ anti-\u00e2ge gr\u00e2ce \u00e0 ces filtres solaires. Autant acheter une cr\u00e8me solaire, moins ch\u00e8re avec les m\u00eames composants !<\/span><\/p>\n<p dir=\"LTR\" align=\"JUSTIFY\"><span class=\"large-text\">L\u2019id\u00e9al si vous voulez avoir une protection solaire en ville et m\u00eame au soleil, ce serait un produit de soin qui p\u00e9n\u00e8tre bien. Et une protection solaire qui resterait tr\u00e8s en surface, pour bien prot\u00e9ger, en rajoutant de l\u2019\u00e9paisseur. Donc deux produits distincts.<\/span><\/p>\n<h2 align=\"JUSTIFY\">Quel type de solaire choisir en ville ?<\/h2>\n<p dir=\"LTR\" align=\"JUSTIFY\"><span class=\"large-text\">Sur le march\u00e9, on trouve deux types de filtres solaires :<\/span><\/p>\n<ul>\n<li><span class=\"large-text\">soit des filtres chimiques qui vont absorber et d\u00e9composer les rayons UV dans la peau<\/span><\/li>\n<li><span class=\"large-text\">soit des filtres min\u00e9raux qui vont agir comme un miroir pos\u00e9 sur la peau pour r\u00e9fl\u00e9chir les rayons du soleil<\/span><\/li>\n<\/ul>\n<p dir=\"LTR\" align=\"JUSTIFY\"><span class=\"large-text\">Les filtres UV de synth\u00e8se \u00ab transforment \u00bb la lumi\u00e8re. Ils agissent sur et dans la peau par des r\u00e9actions dont les effets secondaires ne sont pas toujours positifs : allergies, perturbations hormonales. S\u2019ils sont nocifs pour les coraux, on peut difficilement imaginer qu\u2019ils ne le soient pas pour la peau. Ils n\u2019ont bien s\u00fbr pas la pr\u00e9f\u00e9rence de <a href=\"http:\/\/www.lodesse.com\/\" target=\"_blank\" rel=\"noopener noreferrer\">Lodesse<\/a>.<\/span><\/p>\n<p dir=\"LTR\" align=\"JUSTIFY\"><span class=\"large-text\">Les meilleurs filtres solaires pour la ville seraient donc les poudres min\u00e9rales r\u00e9flectrices car elles contiennent des particules de mica, titanium etc. et prot\u00e8gent tout en embellissant.<\/span><\/p>\n<p dir=\"LTR\" align=\"JUSTIFY\"><span class=\"large-text\">Et tout ce qui peut \u00e9paissir (sans \u00e9touffer bien s\u00fbr !) : fonds de teint, BB cream, autant de produits qui indiquent souvent un SPF de 15.<\/span><\/p>\n<p dir=\"LTR\" align=\"JUSTIFY\"><span class=\"large-text\">Et dessous un Soin Seconde Peau LODESSE : leurs composants bio-compatibles sont instinctivement reconnus et assimil\u00e9s par la peau et leur permettent de p\u00e9n\u00e9trer en profondeur (tests de p\u00e9n\u00e9tration comparatifs \u00e0 l\u2019appui).\u00a0<\/span><span class=\"large-text\">Ils nourrissent et r\u00e9parent sur-mesure : c\u2019est votre peau qui puise en fonction de ses besoins.<\/span><\/p>\n<p dir=\"LTR\" align=\"JUSTIFY\"><span class=\"large-text\">On nous rebat avec la protection solaire, mais la lumi\u00e8re est indispensable \u00e0 notre organisme et ce qui est nocif, c\u2019est de griller au soleil pendant des heures. Mais \u00eatre dehors, \u00e0 l\u2019ombre, sous les branches des arbres qui filtrent les rayons n\u2019a jamais fait de mal \u00e0 personne.<\/span><\/p>\n<p dir=\"LTR\" align=\"JUSTIFY\"><span class=\"large-text\">On diabolise beaucoup le soleil, il faut savoir raison garder.\u00a0<\/span><span class=\"large-text\">Le probl\u00e8me c\u2019est que l\u2019on ne voit pas les imm\u00e9diatement les d\u00e9g\u00e2ts occasionn\u00e9s par les filtres solaires chimiques tandis que l\u2019on voit tr\u00e8s vite les d\u00e9g\u00e2ts occasionn\u00e9s par le soleil.<\/span><\/p>\n<p dir=\"LTR\" align=\"JUSTIFY\"><span class=\"large-text\">Bref, pour celles qui veulent se prot\u00e9ger du soleil :<\/span><\/p>\n<ul>\n<li><span class=\"large-text\">les filtres min\u00e9raux de pr\u00e9f\u00e9rence \/ respectueux de l\u2019environnement<\/span><\/li>\n<li><span class=\"large-text\">ou un chapeau, \u00e9charpe, manches longues et l\u00e9g\u00e8res<\/span><\/li>\n<\/ul>\n<\/div>\n","protected":false},"excerpt":{"rendered":"<p>Ah la protection solaire&#8230; Vaste d\u00e9bat, sujet r\u00e9current d\u00e8s le printemps et tr\u00e8s controvers\u00e9. Et chaque ann\u00e9e la m\u00eame question&#8230;<\/p>\n","protected":false},"author":1,"featured_media":0,"comment_status":"open","ping_status":"open","sticky":false,"template":"","format":"standard","meta":{"footnotes":""},"categories":[3],"tags":[49,48,28,40],"class_list":["post-328","post","type-post","status-publish","format-standard","hentry","category-prendre-soin-de-sa-peau","tag-bronzage","tag-ete","tag-peau","tag-soleil"],"_links":{"self":[{"href":"https:\/\/lodesse.com\/blog\/wp-json\/wp\/v2\/posts\/328","targetHints":{"allow":["GET"]}}],"collection":[{"href":"https:\/\/lodesse.com\/blog\/wp-json\/wp\/v2\/posts"}],"about":[{"href":"https:\/\/lodesse.com\/blog\/wp-json\/wp\/v2\/types\/post"}],"author":[{"embeddable":true,"href":"https:\/\/lodesse.com\/blog\/wp-json\/wp\/v2\/users\/1"}],"replies":[{"embeddable":true,"href":"https:\/\/lodesse.com\/blog\/wp-json\/wp\/v2\/comments?post=328"}],"version-history":[{"count":14,"href":"https:\/\/lodesse.com\/blog\/wp-json\/wp\/v2\/posts\/328\/revisions"}],"predecessor-version":[{"id":350,"href":"https:\/\/lodesse.com\/blog\/wp-json\/wp\/v2\/posts\/328\/revisions\/350"}],"wp:attachment":[{"href":"https:\/\/lodesse.com\/blog\/wp-json\/wp\/v2\/media?parent=328"}],"wp:term":[{"taxonomy":"category","embeddable":true,"href":"https:\/\/lodesse.com\/blog\/wp-json\/wp\/v2\/categories?post=328"},{"taxonomy":"post_tag","embeddable":true,"href":"https:\/\/lodesse.com\/blog\/wp-json\/wp\/v2\/tags?post=328"}],"curies":[{"name":"wp","href":"https:\/\/api.w.org\/{rel}","templated":true}]}}