{"id":396,"date":"2017-09-24T11:00:38","date_gmt":"2017-09-24T09:00:38","guid":{"rendered":"http:\/\/lodesse.com\/blog\/?p=396"},"modified":"2017-10-12T11:51:11","modified_gmt":"2017-10-12T09:51:11","slug":"prendre-soin-de-votre-peau-a-40-ans","status":"publish","type":"post","link":"https:\/\/lodesse.com\/blog\/2017\/09\/24\/prendre-soin-de-votre-peau-a-40-ans\/","title":{"rendered":"Prendre soin de votre peau \u00e0 40 ans"},"content":{"rendered":"<p><strong><span class=\"large-text\">J\u2019avais commenc\u00e9 une s\u00e9rie d\u2019articles sur les soins appropri\u00e9s \u00e0 chaque d\u00e9cennie en commen\u00e7ant par vous parler du soin des peaux \u00e0 la cinquantaine. Vous pouvez retrouver <a href=\"http:\/\/lodesse.com\/blog\/2017\/09\/16\/soin-peau-apres-50-ans\/\" target=\"_blank\" rel=\"noopener\">cet article sur notre blog<\/a>.<\/span><\/strong><br \/>\n<strong><span class=\"large-text\">Quelques \u00e9changes int\u00e9ressants avec des hommes m\u2019ont donn\u00e9 envie, en cette rentr\u00e9e, de vous parler de la quarantaine.<\/span><\/strong><br \/>\n<strong><span class=\"large-text\">40 ans il para\u00eet que c\u2019est le plus bel \u00e2ge pour une femme. Tous les hommes vous le diront, les femmes aussi et moi qui suis dans cette d\u00e9cennie, je vous le confirme\u00a0!<\/span><\/strong><\/p>\n<p><img loading=\"lazy\" decoding=\"async\" class=\"aligncenter wp-image-395 size-full\" src=\"http:\/\/lodesse.com\/blog\/wp-content\/uploads\/2017\/09\/Lodesse_osmose_Cameron-Diaz_40_ans.jpg\" alt=\"\" width=\"625\" height=\"417\" srcset=\"https:\/\/lodesse.com\/blog\/wp-content\/uploads\/2017\/09\/Lodesse_osmose_Cameron-Diaz_40_ans.jpg 625w, https:\/\/lodesse.com\/blog\/wp-content\/uploads\/2017\/09\/Lodesse_osmose_Cameron-Diaz_40_ans-300x200.jpg 300w\" sizes=\"auto, (max-width: 625px) 100vw, 625px\" \/><\/p>\n<p><span class=\"large-text\">Sortie de l\u2019enfance, la femme appara\u00eet dans toute sa pl\u00e9nitude f\u00e9minine. Bien dans son corps et sa personnalit\u00e9, qu\u2019elle a appris \u00e0 mieux s\u2019accepter, s\u2019aimer, se conna\u00eetre, et elle transpire cet \u00e9quilibre.<\/span><br \/>\n<span class=\"large-text\">C\u2019est l\u2019\u00e2ge o\u00f9, en termes d\u2019entretien de votre visage, tout est possible et rien n\u2019est encore irr\u00e9versible.<\/span><\/p>\n<h2>C\u2019est un \u00e2ge, une \u00e9tape CL\u00c9.<\/h2>\n<p><span class=\"large-text\">Je m\u2019explique.<\/span><\/p>\n<p><span class=\"large-text\">Bien s\u00fbr, souvent c\u2019est \u00e0 cet \u00e2ge-l\u00e0 que le visage commence \u00e0 \u00e9voluer.<\/span><\/p>\n<p><span class=\"large-text\">Plus que la ride, c\u2019est la perte de volumes qui commence\u00a0: sillons nasog\u00e9niens, pommettes et cernes commencent \u00e0 se creuser.<\/span><\/p>\n<p><span class=\"large-text\">La peau devient plus instable\u00a0: un jour impeccable, l\u2019autre pas. Le manque de sommeil se voit tr\u00e8s rapidement, ce qui n\u2019est pas le cas \u00e0 30 ans. Le repos et la d\u00e9tente font toute la diff\u00e9rence (lisez <a href=\"http:\/\/lodesse.com\/blog\/2017\/03\/22\/importance-nuit-sommeil-peau\/\" target=\"_blank\" rel=\"noopener\">notre article sur l\u2019importance de la nuit et du dodo pour une belle peau<\/a>).<\/span><\/p>\n<p><span class=\"large-text\">En plus, c\u2019est souvent une p\u00e9riode d\u2019activit\u00e9 intense, entre construction voire reconstruction professionnelle, enfants, couple, qui prennent du temps et de l\u2019\u00e9nergie. Alors qu\u2019il faut en garder pour s\u2019occuper de soi.<\/span><\/p>\n<h2>Mais c&rsquo;est aussi l&rsquo;\u00e2ge o\u00f9 tout est possible<\/h2>\n<p><span class=\"large-text\">Si de mauvaises habitudes ont \u00e9t\u00e9 prises, il est encore temps de les rectifier. La peau est tonique, elle est facilement stimulable. Les produits et techniques de stimulation vont donner de bons r\u00e9sultats et vont pouvoir r\u00e9parer les premiers \u00ab\u00a0d\u00e9g\u00e2ts\u00a0\u00bb et entretenir. Les cosm\u00e9tiques riches commencent \u00e0 \u00eatre n\u00e9cessaires.<\/span><\/p>\n<p><span class=\"large-text\">C\u2019est le moment d\u2019adopter les bons gestes si cela n\u2019a pas encore \u00e9t\u00e9 fait.<\/span><\/p>\n<h2>Pour cela, il est important d&rsquo;\u00e9couter votre peau<\/h2>\n<p><span class=\"large-text\">Soyez tr\u00e8s tr\u00e8s \u00e0 l\u2019\u00e9coute pour voir ce qui marche, trouver, si ce n\u2019est pas encore le cas, ce qui lui conviendra \u00e0 partir de maintenant.<\/span><\/p>\n<p><span class=\"large-text\">D\u2019une fa\u00e7on g\u00e9n\u00e9rale\u00a0:<\/span><br \/>\n<span class=\"large-text\">Votre peau risque de commencer \u00e0 \u00eatre plus s\u00e8che et si c\u2019est le cas, prenez d\u00e8s \u00e0 pr\u00e9sent l\u2019habitude de lui donner des produits suffisamment nourrissants. Une peau bien nourrie, dont la barri\u00e8re reste intacte c\u2019est comme le toit d\u2019une maison qui est bien entretenu\u00a0: la maison y est plus agr\u00e9able \u00e0 vivre, plus longtemps. (lisez notre article sur l\u2019importance de la barri\u00e8re cutan\u00e9e). C\u2019est, en mati\u00e8re cosm\u00e9tique, le plus important.<\/span><\/p>\n<p><span class=\"large-text\">Inutile de vous ruiner en cr\u00e8mes antirides miracles. Essayez le soin Seconde Peau Lodesse le plus adapt\u00e9 \u00e0 votre besoin (<a href=\"http:\/\/lodesse.com\/soins-seconde-peau\/11-creme-seconde-peau-n1.html\" target=\"_blank\" rel=\"noopener\">Cr\u00e8me n\u00b01<\/a> ou <a href=\"http:\/\/lodesse.com\/soins-seconde-peau\/16-baume-seconde-peau-n2-.html\" target=\"_blank\" rel=\"noopener\">Baume n\u00b02<\/a>) et vous verrez la diff\u00e9rence\u00a0!<\/span><\/p>\n<h2>Contre les tous premiers signes de vieillissement, usez et abusez des peelings ou autre techniques de stimulation.<\/h2>\n<p><span class=\"large-text\">Non seulement cela retirera les premiers signes mais cela entretiendra la tonicit\u00e9 et la densit\u00e9 cutan\u00e9e. (Lisez <a href=\"http:\/\/lodesse.com\/blog\/2017\/03\/24\/le-peeling-le-roi-de-l-anti-age\/\" target=\"_blank\" rel=\"noopener\">notre article sur l\u2019int\u00e9r\u00eat des peelings<\/a>). C\u2019est comme le sport et le corps\u00a0: pour garder une jolie ligne, il faut commencer jeune et ne pas arr\u00eater.<\/span><br \/>\n<span class=\"large-text\">Attention, pas n\u2019importe quels peelings.<\/span><br \/>\n<span class=\"large-text\">Pas d\u2019acide glycolique. Celles qui ont test\u00e9 savent que c\u2019est le geste facile pour les dermatos mais qui ne donne pas de bons r\u00e9sultats. Les produits \u00e0 base de r\u00e9tinol, le soir sont int\u00e9ressant attention au bon rythme pour ne pas irriter. Les cr\u00e8mes \u00e0 l\u2019acide r\u00e9tino\u00efque, quoiqu\u2019un peu oubli\u00e9es, sont tr\u00e8s efficaces.<\/span><br \/>\n<span class=\"large-text\">Attention les peaux fines ne sont pas la meilleure indication.<\/span><\/p>\n<p><span class=\"large-text\">La m\u00e9soth\u00e9rapie, pour tout le visage et aussi pour le cou donne de tr\u00e8s bons r\u00e9sultats. Ainsi que le derma roller que vous pouvez faire vous-m\u00eame avec une bonne cr\u00e8me anesth\u00e9siante.<\/span><\/p>\n<p><span class=\"large-text\">Contre la patte d\u2019oie et la ride du lion, le Botox donne d\u2019excellents r\u00e9sultats et cette zone constitue la meilleure indication.<\/span><\/p>\n<h2>Evidemment la protection solaire est fondamentale<\/h2>\n<p><span class=\"large-text\">Mais je crois que maintenant cela est entr\u00e9 et ancr\u00e9 dans nos gestes de protection.<\/span><\/p>\n<p>&nbsp;<\/p>\n","protected":false},"excerpt":{"rendered":"<p>J\u2019avais commenc\u00e9 une s\u00e9rie d\u2019articles sur les soins appropri\u00e9s \u00e0 chaque d\u00e9cennie en commen\u00e7ant par vous parler du soin des&#8230;<\/p>\n","protected":false},"author":1,"featured_media":0,"comment_status":"open","ping_status":"open","sticky":false,"template":"","format":"standard","meta":{"footnotes":""},"categories":[3],"tags":[74,43,75,24],"class_list":["post-396","post","type-post","status-publish","format-standard","hentry","category-prendre-soin-de-sa-peau","tag-peau-40-ans","tag-peeling","tag-premiers-signes-vieillissement","tag-rides"],"_links":{"self":[{"href":"https:\/\/lodesse.com\/blog\/wp-json\/wp\/v2\/posts\/396","targetHints":{"allow":["GET"]}}],"collection":[{"href":"https:\/\/lodesse.com\/blog\/wp-json\/wp\/v2\/posts"}],"about":[{"href":"https:\/\/lodesse.com\/blog\/wp-json\/wp\/v2\/types\/post"}],"author":[{"embeddable":true,"href":"https:\/\/lodesse.com\/blog\/wp-json\/wp\/v2\/users\/1"}],"replies":[{"embeddable":true,"href":"https:\/\/lodesse.com\/blog\/wp-json\/wp\/v2\/comments?post=396"}],"version-history":[{"count":6,"href":"https:\/\/lodesse.com\/blog\/wp-json\/wp\/v2\/posts\/396\/revisions"}],"predecessor-version":[{"id":403,"href":"https:\/\/lodesse.com\/blog\/wp-json\/wp\/v2\/posts\/396\/revisions\/403"}],"wp:attachment":[{"href":"https:\/\/lodesse.com\/blog\/wp-json\/wp\/v2\/media?parent=396"}],"wp:term":[{"taxonomy":"category","embeddable":true,"href":"https:\/\/lodesse.com\/blog\/wp-json\/wp\/v2\/categories?post=396"},{"taxonomy":"post_tag","embeddable":true,"href":"https:\/\/lodesse.com\/blog\/wp-json\/wp\/v2\/tags?post=396"}],"curies":[{"name":"wp","href":"https:\/\/api.w.org\/{rel}","templated":true}]}}